{"id":36053,"date":"2020-11-06T17:02:42","date_gmt":"2020-11-06T16:02:42","guid":{"rendered":"https:\/\/olymp-wp-salondesign.dev-2.alkima.io\/news\/reamenagement-des-showrooms-olymp\/"},"modified":"2021-03-26T11:36:09","modified_gmt":"2021-03-26T10:36:09","slug":"reamenagement-des-showrooms-olymp","status":"publish","type":"news","link":"https:\/\/www.olymp-salondesign.com\/fr\/news\/reamenagement-des-showrooms-olymp\/","title":{"rendered":"R\u00c9AM\u00c9NAGEMENT DES SHOWROOMS OLYMP"},"content":{"rendered":"<p>OLYMP a r\u00e9am\u00e9nag\u00e9 ses showrooms de Stuttgart et de D\u00fcsseldorf et y pr\u00e9sente un design \u00e9l\u00e9gant et les derni\u00e8res tendances en mati\u00e8re de mobilier. Plongez dans les diff\u00e9rents univers et trouvez l\u2019inspiration pour votre concept de salon. D\u00e9couvrez la qualit\u00e9 et le design en r\u00e9el et testez le confort et l\u2019ergonomie des produits d\u2019am\u00e9nagement couronn\u00e9s de prix.  <\/p><p>Tout nouveau : dor\u00e9navant, vous y trouverez \u00e9galement le mobilier pour salon de beaut\u00e9 de la marque italienne NILO. Un design de qualit\u00e9 et le lifestyle des meilleurs studios de design d\u2019Italie pour une plus grande offre de services comme les soins cosm\u00e9tiques, le traitement des cils ou le soin des ongles. Nous vous accompagnons volontiers durant votre visite. Prenez-donc rendez-vous par t\u00e9l\u00e9phone au 0711 21310.  <\/p><figure class=\"wp-block-image is-resized\"><img loading=\"lazy\" decoding=\"async\" src=\"https:\/\/www.olymp-salondesign.com\/wp-content\/uploads\/2019\/07\/Showroom-Stuttgart-Friseur-min-1024x683.jpg\" alt=\"\" class=\"wp-image-6893\" width=\"896\" height=\"597\" srcset=\"https:\/\/www.olymp-salondesign.com\/wp-content\/uploads\/2019\/07\/Showroom-Stuttgart-Friseur-min-1024x683.jpg 1024w, https:\/\/www.olymp-salondesign.com\/wp-content\/uploads\/2019\/07\/Showroom-Stuttgart-Friseur-min-400x266.jpg 400w, https:\/\/www.olymp-salondesign.com\/wp-content\/uploads\/2019\/07\/Showroom-Stuttgart-Friseur-min-660x440.jpg 660w, https:\/\/www.olymp-salondesign.com\/wp-content\/uploads\/2019\/07\/Showroom-Stuttgart-Friseur-min-600x400.jpg 600w, https:\/\/www.olymp-salondesign.com\/wp-content\/uploads\/2019\/07\/Showroom-Stuttgart-Friseur-min-525x350.jpg 525w, https:\/\/www.olymp-salondesign.com\/wp-content\/uploads\/2019\/07\/Showroom-Stuttgart-Friseur-min-768x512.jpg 768w, https:\/\/www.olymp-salondesign.com\/wp-content\/uploads\/2019\/07\/Showroom-Stuttgart-Friseur-min-399x266.jpg 399w, https:\/\/www.olymp-salondesign.com\/wp-content\/uploads\/2019\/07\/Showroom-Stuttgart-Friseur-min-233x155.jpg 233w, https:\/\/www.olymp-salondesign.com\/wp-content\/uploads\/2019\/07\/Showroom-Stuttgart-Friseur-min.jpg 2048w\" sizes=\"(max-width: 896px) 100vw, 896px\" \/><\/figure>","protected":false},"featured_media":36054,"template":"","categories":[7031],"tags":[],"class_list":["post-36053","news","type-news","status-publish","has-post-thumbnail","hentry","category-friseur-fr"],"acf":[],"yoast_head":"<!-- This site is optimized with the Yoast SEO Premium plugin v23.7 (Yoast SEO v23.7) - https:\/\/yoast.com\/wordpress\/plugins\/seo\/ -->\n<title>R\u00c9AM\u00c9NAGEMENT DES SHOWROOMS OLYMP - OLYMP - BEST SALON INSPIRATION<\/title>\n<meta name=\"robots\" content=\"index, follow, max-snippet:-1, max-image-preview:large, max-video-preview:-1\" \/>\n<link rel=\"canonical\" href=\"https:\/\/www.olymp-salondesign.com\/fr\/news\/reamenagement-des-showrooms-olymp\/\" \/>\n<meta property=\"og:locale\" content=\"fr_FR\" \/>\n<meta property=\"og:type\" content=\"article\" \/>\n<meta property=\"og:title\" content=\"R\u00c9AM\u00c9NAGEMENT DES SHOWROOMS OLYMP\" \/>\n<meta property=\"og:description\" content=\"OLYMP a r\u00e9am\u00e9nag\u00e9 ses showrooms de Stuttgart et de D\u00fcsseldorf et y pr\u00e9sente un design \u00e9l\u00e9gant et les derni\u00e8res tendances en mati\u00e8re de mobilier. Plongez dans les diff\u00e9rents univers et trouvez l\u2019inspiration pour votre concept de salon. D\u00e9couvrez la qualit\u00e9 et le design en r\u00e9el et testez le confort et l\u2019ergonomie des produits d\u2019am\u00e9nagement couronn\u00e9s [&hellip;]\" \/>\n<meta property=\"og:url\" content=\"https:\/\/www.olymp-salondesign.com\/fr\/news\/reamenagement-des-showrooms-olymp\/\" \/>\n<meta property=\"og:site_name\" content=\"OLYMP - BEST SALON INSPIRATION\" \/>\n<meta property=\"article:modified_time\" content=\"2021-03-26T10:36:09+00:00\" \/>\n<meta property=\"og:image\" content=\"https:\/\/www.olymp-salondesign.com\/wp-content\/uploads\/2019\/07\/Showroom-Stuttgart-Friseur-2-min.jpg\" \/>\n\t<meta property=\"og:image:width\" content=\"2048\" \/>\n\t<meta property=\"og:image:height\" content=\"1365\" \/>\n\t<meta property=\"og:image:type\" content=\"image\/jpeg\" \/>\n<meta name=\"twitter:card\" content=\"summary_large_image\" \/>\n<meta name=\"twitter:label1\" content=\"Dur\u00e9e de lecture estim\u00e9e\" \/>\n\t<meta name=\"twitter:data1\" content=\"1 minute\" \/>\n<script type=\"application\/ld+json\" class=\"yoast-schema-graph\">{\"@context\":\"https:\/\/schema.org\",\"@graph\":[{\"@type\":\"WebPage\",\"@id\":\"https:\/\/www.olymp-salondesign.com\/fr\/news\/reamenagement-des-showrooms-olymp\/\",\"url\":\"https:\/\/www.olymp-salondesign.com\/fr\/news\/reamenagement-des-showrooms-olymp\/\",\"name\":\"R\u00c9AM\u00c9NAGEMENT DES SHOWROOMS OLYMP - OLYMP - BEST SALON INSPIRATION\",\"isPartOf\":{\"@id\":\"https:\/\/www.olymp-salondesign.com\/fr\/#website\"},\"primaryImageOfPage\":{\"@id\":\"https:\/\/www.olymp-salondesign.com\/fr\/news\/reamenagement-des-showrooms-olymp\/#primaryimage\"},\"image\":{\"@id\":\"https:\/\/www.olymp-salondesign.com\/fr\/news\/reamenagement-des-showrooms-olymp\/#primaryimage\"},\"thumbnailUrl\":\"https:\/\/www.olymp-salondesign.com\/wp-content\/uploads\/2019\/07\/Showroom-Stuttgart-Friseur-2-min.jpg\",\"datePublished\":\"2020-11-06T16:02:42+00:00\",\"dateModified\":\"2021-03-26T10:36:09+00:00\",\"breadcrumb\":{\"@id\":\"https:\/\/www.olymp-salondesign.com\/fr\/news\/reamenagement-des-showrooms-olymp\/#breadcrumb\"},\"inLanguage\":\"fr-FR\",\"potentialAction\":[{\"@type\":\"ReadAction\",\"target\":[\"https:\/\/www.olymp-salondesign.com\/fr\/news\/reamenagement-des-showrooms-olymp\/\"]}]},{\"@type\":\"ImageObject\",\"inLanguage\":\"fr-FR\",\"@id\":\"https:\/\/www.olymp-salondesign.com\/fr\/news\/reamenagement-des-showrooms-olymp\/#primaryimage\",\"url\":\"https:\/\/www.olymp-salondesign.com\/wp-content\/uploads\/2019\/07\/Showroom-Stuttgart-Friseur-2-min.jpg\",\"contentUrl\":\"https:\/\/www.olymp-salondesign.com\/wp-content\/uploads\/2019\/07\/Showroom-Stuttgart-Friseur-2-min.jpg\",\"width\":2048,\"height\":1365},{\"@type\":\"BreadcrumbList\",\"@id\":\"https:\/\/www.olymp-salondesign.com\/fr\/news\/reamenagement-des-showrooms-olymp\/#breadcrumb\",\"itemListElement\":[{\"@type\":\"ListItem\",\"position\":1,\"name\":\"Home\",\"item\":\"https:\/\/www.olymp-salondesign.com\/fr\/\"},{\"@type\":\"ListItem\",\"position\":2,\"name\":\"News\",\"item\":\"https:\/\/www.olymp-salondesign.com\/fr\/news\/\"},{\"@type\":\"ListItem\",\"position\":3,\"name\":\"R\u00c9AM\u00c9NAGEMENT DES SHOWROOMS OLYMP\"}]},{\"@type\":\"WebSite\",\"@id\":\"https:\/\/www.olymp-salondesign.com\/fr\/#website\",\"url\":\"https:\/\/www.olymp-salondesign.com\/fr\/\",\"name\":\"OLYMP - BEST SALON INSPIRATION\",\"description\":\"BEST SALON INSPIRATION\",\"publisher\":{\"@id\":\"https:\/\/www.olymp-salondesign.com\/fr\/#organization\"},\"potentialAction\":[{\"@type\":\"SearchAction\",\"target\":{\"@type\":\"EntryPoint\",\"urlTemplate\":\"https:\/\/www.olymp-salondesign.com\/fr\/?s={search_term_string}\"},\"query-input\":{\"@type\":\"PropertyValueSpecification\",\"valueRequired\":true,\"valueName\":\"search_term_string\"}}],\"inLanguage\":\"fr-FR\"},{\"@type\":\"Organization\",\"@id\":\"https:\/\/www.olymp-salondesign.com\/fr\/#organization\",\"name\":\"OLYMP - BEST SALON INSPIRATION\",\"url\":\"https:\/\/www.olymp-salondesign.com\/fr\/\",\"logo\":{\"@type\":\"ImageObject\",\"inLanguage\":\"fr-FR\",\"@id\":\"https:\/\/www.olymp-salondesign.com\/fr\/#\/schema\/logo\/image\/\",\"url\":\"https:\/\/www.olymp-salondesign.com\/wp-content\/uploads\/2019\/05\/logo.svg\",\"contentUrl\":\"https:\/\/www.olymp-salondesign.com\/wp-content\/uploads\/2019\/05\/logo.svg\",\"width\":240,\"height\":50,\"caption\":\"OLYMP - BEST SALON INSPIRATION\"},\"image\":{\"@id\":\"https:\/\/www.olymp-salondesign.com\/fr\/#\/schema\/logo\/image\/\"}}]}<\/script>\n<!-- \/ Yoast SEO Premium plugin. -->","yoast_head_json":{"title":"R\u00c9AM\u00c9NAGEMENT DES SHOWROOMS OLYMP - OLYMP - BEST SALON INSPIRATION","robots":{"index":"index","follow":"follow","max-snippet":"max-snippet:-1","max-image-preview":"max-image-preview:large","max-video-preview":"max-video-preview:-1"},"canonical":"https:\/\/www.olymp-salondesign.com\/fr\/news\/reamenagement-des-showrooms-olymp\/","og_locale":"fr_FR","og_type":"article","og_title":"R\u00c9AM\u00c9NAGEMENT DES SHOWROOMS OLYMP","og_description":"OLYMP a r\u00e9am\u00e9nag\u00e9 ses showrooms de Stuttgart et de D\u00fcsseldorf et y pr\u00e9sente un design \u00e9l\u00e9gant et les derni\u00e8res tendances en mati\u00e8re de mobilier. Plongez dans les diff\u00e9rents univers et trouvez l\u2019inspiration pour votre concept de salon. D\u00e9couvrez la qualit\u00e9 et le design en r\u00e9el et testez le confort et l\u2019ergonomie des produits d\u2019am\u00e9nagement couronn\u00e9s [&hellip;]","og_url":"https:\/\/www.olymp-salondesign.com\/fr\/news\/reamenagement-des-showrooms-olymp\/","og_site_name":"OLYMP - BEST SALON INSPIRATION","article_modified_time":"2021-03-26T10:36:09+00:00","og_image":[{"width":2048,"height":1365,"url":"https:\/\/www.olymp-salondesign.com\/wp-content\/uploads\/2019\/07\/Showroom-Stuttgart-Friseur-2-min.jpg","type":"image\/jpeg"}],"twitter_card":"summary_large_image","twitter_misc":{"Dur\u00e9e de lecture estim\u00e9e":"1 minute"},"schema":{"@context":"https:\/\/schema.org","@graph":[{"@type":"WebPage","@id":"https:\/\/www.olymp-salondesign.com\/fr\/news\/reamenagement-des-showrooms-olymp\/","url":"https:\/\/www.olymp-salondesign.com\/fr\/news\/reamenagement-des-showrooms-olymp\/","name":"R\u00c9AM\u00c9NAGEMENT DES SHOWROOMS OLYMP - OLYMP - BEST SALON INSPIRATION","isPartOf":{"@id":"https:\/\/www.olymp-salondesign.com\/fr\/#website"},"primaryImageOfPage":{"@id":"https:\/\/www.olymp-salondesign.com\/fr\/news\/reamenagement-des-showrooms-olymp\/#primaryimage"},"image":{"@id":"https:\/\/www.olymp-salondesign.com\/fr\/news\/reamenagement-des-showrooms-olymp\/#primaryimage"},"thumbnailUrl":"https:\/\/www.olymp-salondesign.com\/wp-content\/uploads\/2019\/07\/Showroom-Stuttgart-Friseur-2-min.jpg","datePublished":"2020-11-06T16:02:42+00:00","dateModified":"2021-03-26T10:36:09+00:00","breadcrumb":{"@id":"https:\/\/www.olymp-salondesign.com\/fr\/news\/reamenagement-des-showrooms-olymp\/#breadcrumb"},"inLanguage":"fr-FR","potentialAction":[{"@type":"ReadAction","target":["https:\/\/www.olymp-salondesign.com\/fr\/news\/reamenagement-des-showrooms-olymp\/"]}]},{"@type":"ImageObject","inLanguage":"fr-FR","@id":"https:\/\/www.olymp-salondesign.com\/fr\/news\/reamenagement-des-showrooms-olymp\/#primaryimage","url":"https:\/\/www.olymp-salondesign.com\/wp-content\/uploads\/2019\/07\/Showroom-Stuttgart-Friseur-2-min.jpg","contentUrl":"https:\/\/www.olymp-salondesign.com\/wp-content\/uploads\/2019\/07\/Showroom-Stuttgart-Friseur-2-min.jpg","width":2048,"height":1365},{"@type":"BreadcrumbList","@id":"https:\/\/www.olymp-salondesign.com\/fr\/news\/reamenagement-des-showrooms-olymp\/#breadcrumb","itemListElement":[{"@type":"ListItem","position":1,"name":"Home","item":"https:\/\/www.olymp-salondesign.com\/fr\/"},{"@type":"ListItem","position":2,"name":"News","item":"https:\/\/www.olymp-salondesign.com\/fr\/news\/"},{"@type":"ListItem","position":3,"name":"R\u00c9AM\u00c9NAGEMENT DES SHOWROOMS OLYMP"}]},{"@type":"WebSite","@id":"https:\/\/www.olymp-salondesign.com\/fr\/#website","url":"https:\/\/www.olymp-salondesign.com\/fr\/","name":"OLYMP - BEST SALON INSPIRATION","description":"BEST SALON INSPIRATION","publisher":{"@id":"https:\/\/www.olymp-salondesign.com\/fr\/#organization"},"potentialAction":[{"@type":"SearchAction","target":{"@type":"EntryPoint","urlTemplate":"https:\/\/www.olymp-salondesign.com\/fr\/?s={search_term_string}"},"query-input":{"@type":"PropertyValueSpecification","valueRequired":true,"valueName":"search_term_string"}}],"inLanguage":"fr-FR"},{"@type":"Organization","@id":"https:\/\/www.olymp-salondesign.com\/fr\/#organization","name":"OLYMP - BEST SALON INSPIRATION","url":"https:\/\/www.olymp-salondesign.com\/fr\/","logo":{"@type":"ImageObject","inLanguage":"fr-FR","@id":"https:\/\/www.olymp-salondesign.com\/fr\/#\/schema\/logo\/image\/","url":"https:\/\/www.olymp-salondesign.com\/wp-content\/uploads\/2019\/05\/logo.svg","contentUrl":"https:\/\/www.olymp-salondesign.com\/wp-content\/uploads\/2019\/05\/logo.svg","width":240,"height":50,"caption":"OLYMP - BEST SALON INSPIRATION"},"image":{"@id":"https:\/\/www.olymp-salondesign.com\/fr\/#\/schema\/logo\/image\/"}}]}},"wpml_current_locale":"fr_FR","wpml_translations":{"de_DE":{"locale":"de_DE","id":6890,"slug":"neugestaltung-olymp-showrooms","post_title":"Neugestaltung OLYMP Showrooms","href":"https:\/\/www.olymp-salondesign.com\/de\/news\/neugestaltung-olymp-showrooms\/"},"en":{"locale":"en","id":17699,"slug":"redesign-for-the-olymp-showrooms","post_title":"REDESIGN FOR THE OLYMP SHOWROOMS","href":"https:\/\/www.olymp-salondesign.com\/news\/redesign-for-the-olymp-showrooms\/"},"pl_PL":{"locale":"pl_PL","id":33224,"slug":"redesign-for-the-olymp-showrooms","post_title":"SALONY WYSTAWOWE OLYMP W NOWEJ ODS\u0141ONIE","href":"https:\/\/www.olymp-salondesign.com\/pl\/news\/redesign-for-the-olymp-showrooms\/"}},"_links":{"self":[{"href":"https:\/\/www.olymp-salondesign.com\/fr\/wp-json\/wp\/v2\/news\/36053"}],"collection":[{"href":"https:\/\/www.olymp-salondesign.com\/fr\/wp-json\/wp\/v2\/news"}],"about":[{"href":"https:\/\/www.olymp-salondesign.com\/fr\/wp-json\/wp\/v2\/types\/news"}],"wp:featuredmedia":[{"embeddable":true,"href":"https:\/\/www.olymp-salondesign.com\/fr\/wp-json\/wp\/v2\/media\/36054"}],"wp:attachment":[{"href":"https:\/\/www.olymp-salondesign.com\/fr\/wp-json\/wp\/v2\/media?parent=36053"}],"wp:term":[{"taxonomy":"category","embeddable":true,"href":"https:\/\/www.olymp-salondesign.com\/fr\/wp-json\/wp\/v2\/categories?post=36053"},{"taxonomy":"post_tag","embeddable":true,"href":"https:\/\/www.olymp-salondesign.com\/fr\/wp-json\/wp\/v2\/tags?post=36053"}],"curies":[{"name":"wp","href":"https:\/\/api.w.org\/{rel}","templated":true}]}}