{"id":36067,"date":"2020-11-06T17:07:29","date_gmt":"2020-11-06T16:07:29","guid":{"rendered":"https:\/\/olymp-wp-salondesign.dev-2.alkima.io\/news\/coiffeuse-olymp-grace\/"},"modified":"2021-03-19T19:06:38","modified_gmt":"2021-03-19T18:06:38","slug":"coiffeuse-olymp-grace","status":"publish","type":"news","link":"https:\/\/www.olymp-salondesign.com\/fr\/news\/coiffeuse-olymp-grace\/","title":{"rendered":"COIFFEUSE OLYMP GRACE"},"content":{"rendered":"<p> Pr\u00e9sent\u00e9e pour la premi\u00e8re fois au salon de D\u00fcsseldorf, elle a s\u00e9duit les visiteurs : la nouvelle coiffeuse OLYMP GRACE. Un design tendance avec des miroirs ronds et de nombreuses possibilit\u00e9s d\u2019agencement : en pose libre, en \u00eelot \u00e0 deux ou quatre places, en vis-\u00e0-vis, c\u00f4te \u00e0 c\u00f4te ou suspendue au mur comme coiffeuse individuelle. Au choix avec un \u00e9clairage d\u00e9coratif et un disque r\u00e9fl\u00e9chissant qui souligne savamment le look vintage. De nombreuses couleurs diff\u00e9rentes sont disponibles pour le corps de la coiffeuse et les tablettes ce qui permet une int\u00e9gration dans les styles d\u2019am\u00e9nagement les plus vari\u00e9s. D\u00e9couvrez GRACE dans le d\u00e9tail et demandez notre brochure au 0711 21310 ou en t\u00e9l\u00e9chargement.     <\/p>","protected":false},"featured_media":37237,"template":"","categories":[7031],"tags":[],"class_list":["post-36067","news","type-news","status-publish","has-post-thumbnail","hentry","category-friseur-fr"],"acf":[],"yoast_head":"<!-- This site is optimized with the Yoast SEO Premium plugin v23.7 (Yoast SEO v23.7) - https:\/\/yoast.com\/wordpress\/plugins\/seo\/ -->\n<title>COIFFEUSE OLYMP GRACE - OLYMP - BEST SALON INSPIRATION<\/title>\n<meta name=\"robots\" content=\"index, follow, max-snippet:-1, max-image-preview:large, max-video-preview:-1\" \/>\n<link rel=\"canonical\" href=\"https:\/\/www.olymp-salondesign.com\/fr\/news\/coiffeuse-olymp-grace\/\" \/>\n<meta property=\"og:locale\" content=\"fr_FR\" \/>\n<meta property=\"og:type\" content=\"article\" \/>\n<meta property=\"og:title\" content=\"COIFFEUSE OLYMP GRACE\" \/>\n<meta property=\"og:description\" content=\"Pr\u00e9sent\u00e9e pour la premi\u00e8re fois au salon de D\u00fcsseldorf, elle a s\u00e9duit les visiteurs : la nouvelle coiffeuse OLYMP GRACE. Un design tendance avec des miroirs ronds et de nombreuses possibilit\u00e9s d\u2019agencement : en pose libre, en \u00eelot \u00e0 deux ou quatre places, en vis-\u00e0-vis, c\u00f4te \u00e0 c\u00f4te ou suspendue au mur comme coiffeuse individuelle. [&hellip;]\" \/>\n<meta property=\"og:url\" content=\"https:\/\/www.olymp-salondesign.com\/fr\/news\/coiffeuse-olymp-grace\/\" \/>\n<meta property=\"og:site_name\" content=\"OLYMP - BEST SALON INSPIRATION\" \/>\n<meta property=\"article:modified_time\" content=\"2021-03-19T18:06:38+00:00\" \/>\n<meta property=\"og:image\" content=\"https:\/\/www.olymp-salondesign.com\/wp-content\/uploads\/2021\/03\/grace-viererplatz-gold-freistehend_mit-beleuchtung.jpg\" \/>\n\t<meta property=\"og:image:width\" content=\"2048\" \/>\n\t<meta property=\"og:image:height\" content=\"1365\" \/>\n\t<meta property=\"og:image:type\" content=\"image\/jpeg\" \/>\n<meta name=\"twitter:card\" content=\"summary_large_image\" \/>\n<meta name=\"twitter:label1\" content=\"Dur\u00e9e de lecture estim\u00e9e\" \/>\n\t<meta name=\"twitter:data1\" content=\"1 minute\" \/>\n<script type=\"application\/ld+json\" class=\"yoast-schema-graph\">{\"@context\":\"https:\/\/schema.org\",\"@graph\":[{\"@type\":\"WebPage\",\"@id\":\"https:\/\/www.olymp-salondesign.com\/fr\/news\/coiffeuse-olymp-grace\/\",\"url\":\"https:\/\/www.olymp-salondesign.com\/fr\/news\/coiffeuse-olymp-grace\/\",\"name\":\"COIFFEUSE OLYMP GRACE - OLYMP - BEST SALON INSPIRATION\",\"isPartOf\":{\"@id\":\"https:\/\/www.olymp-salondesign.com\/fr\/#website\"},\"primaryImageOfPage\":{\"@id\":\"https:\/\/www.olymp-salondesign.com\/fr\/news\/coiffeuse-olymp-grace\/#primaryimage\"},\"image\":{\"@id\":\"https:\/\/www.olymp-salondesign.com\/fr\/news\/coiffeuse-olymp-grace\/#primaryimage\"},\"thumbnailUrl\":\"https:\/\/www.olymp-salondesign.com\/wp-content\/uploads\/2021\/03\/grace-viererplatz-gold-freistehend_mit-beleuchtung.jpg\",\"datePublished\":\"2020-11-06T16:07:29+00:00\",\"dateModified\":\"2021-03-19T18:06:38+00:00\",\"breadcrumb\":{\"@id\":\"https:\/\/www.olymp-salondesign.com\/fr\/news\/coiffeuse-olymp-grace\/#breadcrumb\"},\"inLanguage\":\"fr-FR\",\"potentialAction\":[{\"@type\":\"ReadAction\",\"target\":[\"https:\/\/www.olymp-salondesign.com\/fr\/news\/coiffeuse-olymp-grace\/\"]}]},{\"@type\":\"ImageObject\",\"inLanguage\":\"fr-FR\",\"@id\":\"https:\/\/www.olymp-salondesign.com\/fr\/news\/coiffeuse-olymp-grace\/#primaryimage\",\"url\":\"https:\/\/www.olymp-salondesign.com\/wp-content\/uploads\/2021\/03\/grace-viererplatz-gold-freistehend_mit-beleuchtung.jpg\",\"contentUrl\":\"https:\/\/www.olymp-salondesign.com\/wp-content\/uploads\/2021\/03\/grace-viererplatz-gold-freistehend_mit-beleuchtung.jpg\",\"width\":2048,\"height\":1365},{\"@type\":\"BreadcrumbList\",\"@id\":\"https:\/\/www.olymp-salondesign.com\/fr\/news\/coiffeuse-olymp-grace\/#breadcrumb\",\"itemListElement\":[{\"@type\":\"ListItem\",\"position\":1,\"name\":\"Home\",\"item\":\"https:\/\/www.olymp-salondesign.com\/fr\/\"},{\"@type\":\"ListItem\",\"position\":2,\"name\":\"News\",\"item\":\"https:\/\/www.olymp-salondesign.com\/fr\/news\/\"},{\"@type\":\"ListItem\",\"position\":3,\"name\":\"COIFFEUSE OLYMP GRACE\"}]},{\"@type\":\"WebSite\",\"@id\":\"https:\/\/www.olymp-salondesign.com\/fr\/#website\",\"url\":\"https:\/\/www.olymp-salondesign.com\/fr\/\",\"name\":\"OLYMP - BEST SALON INSPIRATION\",\"description\":\"BEST SALON INSPIRATION\",\"publisher\":{\"@id\":\"https:\/\/www.olymp-salondesign.com\/fr\/#organization\"},\"potentialAction\":[{\"@type\":\"SearchAction\",\"target\":{\"@type\":\"EntryPoint\",\"urlTemplate\":\"https:\/\/www.olymp-salondesign.com\/fr\/?s={search_term_string}\"},\"query-input\":{\"@type\":\"PropertyValueSpecification\",\"valueRequired\":true,\"valueName\":\"search_term_string\"}}],\"inLanguage\":\"fr-FR\"},{\"@type\":\"Organization\",\"@id\":\"https:\/\/www.olymp-salondesign.com\/fr\/#organization\",\"name\":\"OLYMP - BEST SALON INSPIRATION\",\"url\":\"https:\/\/www.olymp-salondesign.com\/fr\/\",\"logo\":{\"@type\":\"ImageObject\",\"inLanguage\":\"fr-FR\",\"@id\":\"https:\/\/www.olymp-salondesign.com\/fr\/#\/schema\/logo\/image\/\",\"url\":\"https:\/\/www.olymp-salondesign.com\/wp-content\/uploads\/2019\/05\/logo.svg\",\"contentUrl\":\"https:\/\/www.olymp-salondesign.com\/wp-content\/uploads\/2019\/05\/logo.svg\",\"width\":240,\"height\":50,\"caption\":\"OLYMP - BEST SALON INSPIRATION\"},\"image\":{\"@id\":\"https:\/\/www.olymp-salondesign.com\/fr\/#\/schema\/logo\/image\/\"}}]}<\/script>\n<!-- \/ Yoast SEO Premium plugin. -->","yoast_head_json":{"title":"COIFFEUSE OLYMP GRACE - OLYMP - BEST SALON INSPIRATION","robots":{"index":"index","follow":"follow","max-snippet":"max-snippet:-1","max-image-preview":"max-image-preview:large","max-video-preview":"max-video-preview:-1"},"canonical":"https:\/\/www.olymp-salondesign.com\/fr\/news\/coiffeuse-olymp-grace\/","og_locale":"fr_FR","og_type":"article","og_title":"COIFFEUSE OLYMP GRACE","og_description":"Pr\u00e9sent\u00e9e pour la premi\u00e8re fois au salon de D\u00fcsseldorf, elle a s\u00e9duit les visiteurs : la nouvelle coiffeuse OLYMP GRACE. Un design tendance avec des miroirs ronds et de nombreuses possibilit\u00e9s d\u2019agencement : en pose libre, en \u00eelot \u00e0 deux ou quatre places, en vis-\u00e0-vis, c\u00f4te \u00e0 c\u00f4te ou suspendue au mur comme coiffeuse individuelle. [&hellip;]","og_url":"https:\/\/www.olymp-salondesign.com\/fr\/news\/coiffeuse-olymp-grace\/","og_site_name":"OLYMP - BEST SALON INSPIRATION","article_modified_time":"2021-03-19T18:06:38+00:00","og_image":[{"width":2048,"height":1365,"url":"https:\/\/www.olymp-salondesign.com\/wp-content\/uploads\/2021\/03\/grace-viererplatz-gold-freistehend_mit-beleuchtung.jpg","type":"image\/jpeg"}],"twitter_card":"summary_large_image","twitter_misc":{"Dur\u00e9e de lecture estim\u00e9e":"1 minute"},"schema":{"@context":"https:\/\/schema.org","@graph":[{"@type":"WebPage","@id":"https:\/\/www.olymp-salondesign.com\/fr\/news\/coiffeuse-olymp-grace\/","url":"https:\/\/www.olymp-salondesign.com\/fr\/news\/coiffeuse-olymp-grace\/","name":"COIFFEUSE OLYMP GRACE - OLYMP - BEST SALON INSPIRATION","isPartOf":{"@id":"https:\/\/www.olymp-salondesign.com\/fr\/#website"},"primaryImageOfPage":{"@id":"https:\/\/www.olymp-salondesign.com\/fr\/news\/coiffeuse-olymp-grace\/#primaryimage"},"image":{"@id":"https:\/\/www.olymp-salondesign.com\/fr\/news\/coiffeuse-olymp-grace\/#primaryimage"},"thumbnailUrl":"https:\/\/www.olymp-salondesign.com\/wp-content\/uploads\/2021\/03\/grace-viererplatz-gold-freistehend_mit-beleuchtung.jpg","datePublished":"2020-11-06T16:07:29+00:00","dateModified":"2021-03-19T18:06:38+00:00","breadcrumb":{"@id":"https:\/\/www.olymp-salondesign.com\/fr\/news\/coiffeuse-olymp-grace\/#breadcrumb"},"inLanguage":"fr-FR","potentialAction":[{"@type":"ReadAction","target":["https:\/\/www.olymp-salondesign.com\/fr\/news\/coiffeuse-olymp-grace\/"]}]},{"@type":"ImageObject","inLanguage":"fr-FR","@id":"https:\/\/www.olymp-salondesign.com\/fr\/news\/coiffeuse-olymp-grace\/#primaryimage","url":"https:\/\/www.olymp-salondesign.com\/wp-content\/uploads\/2021\/03\/grace-viererplatz-gold-freistehend_mit-beleuchtung.jpg","contentUrl":"https:\/\/www.olymp-salondesign.com\/wp-content\/uploads\/2021\/03\/grace-viererplatz-gold-freistehend_mit-beleuchtung.jpg","width":2048,"height":1365},{"@type":"BreadcrumbList","@id":"https:\/\/www.olymp-salondesign.com\/fr\/news\/coiffeuse-olymp-grace\/#breadcrumb","itemListElement":[{"@type":"ListItem","position":1,"name":"Home","item":"https:\/\/www.olymp-salondesign.com\/fr\/"},{"@type":"ListItem","position":2,"name":"News","item":"https:\/\/www.olymp-salondesign.com\/fr\/news\/"},{"@type":"ListItem","position":3,"name":"COIFFEUSE OLYMP GRACE"}]},{"@type":"WebSite","@id":"https:\/\/www.olymp-salondesign.com\/fr\/#website","url":"https:\/\/www.olymp-salondesign.com\/fr\/","name":"OLYMP - BEST SALON INSPIRATION","description":"BEST SALON INSPIRATION","publisher":{"@id":"https:\/\/www.olymp-salondesign.com\/fr\/#organization"},"potentialAction":[{"@type":"SearchAction","target":{"@type":"EntryPoint","urlTemplate":"https:\/\/www.olymp-salondesign.com\/fr\/?s={search_term_string}"},"query-input":{"@type":"PropertyValueSpecification","valueRequired":true,"valueName":"search_term_string"}}],"inLanguage":"fr-FR"},{"@type":"Organization","@id":"https:\/\/www.olymp-salondesign.com\/fr\/#organization","name":"OLYMP - BEST SALON INSPIRATION","url":"https:\/\/www.olymp-salondesign.com\/fr\/","logo":{"@type":"ImageObject","inLanguage":"fr-FR","@id":"https:\/\/www.olymp-salondesign.com\/fr\/#\/schema\/logo\/image\/","url":"https:\/\/www.olymp-salondesign.com\/wp-content\/uploads\/2019\/05\/logo.svg","contentUrl":"https:\/\/www.olymp-salondesign.com\/wp-content\/uploads\/2019\/05\/logo.svg","width":240,"height":50,"caption":"OLYMP - BEST SALON INSPIRATION"},"image":{"@id":"https:\/\/www.olymp-salondesign.com\/fr\/#\/schema\/logo\/image\/"}}]}},"wpml_current_locale":"fr_FR","wpml_translations":{"de_DE":{"locale":"de_DE","id":6900,"slug":"frisierplatz-olymp-grace","post_title":"Frisierplatz OLYMP Grace","href":"https:\/\/www.olymp-salondesign.com\/de\/news\/frisierplatz-olymp-grace\/"},"en":{"locale":"en","id":17710,"slug":"olymp-grace-styling-station","post_title":"OLYMP GRACE STYLING STATION","href":"https:\/\/www.olymp-salondesign.com\/news\/olymp-grace-styling-station\/"},"pl_PL":{"locale":"pl_PL","id":33229,"slug":"olymp-grace-styling-station","post_title":"STANOWISKO FRYZJERSKIE OLYMP GRACE","href":"https:\/\/www.olymp-salondesign.com\/pl\/news\/olymp-grace-styling-station\/"}},"_links":{"self":[{"href":"https:\/\/www.olymp-salondesign.com\/fr\/wp-json\/wp\/v2\/news\/36067"}],"collection":[{"href":"https:\/\/www.olymp-salondesign.com\/fr\/wp-json\/wp\/v2\/news"}],"about":[{"href":"https:\/\/www.olymp-salondesign.com\/fr\/wp-json\/wp\/v2\/types\/news"}],"wp:featuredmedia":[{"embeddable":true,"href":"https:\/\/www.olymp-salondesign.com\/fr\/wp-json\/wp\/v2\/media\/37237"}],"wp:attachment":[{"href":"https:\/\/www.olymp-salondesign.com\/fr\/wp-json\/wp\/v2\/media?parent=36067"}],"wp:term":[{"taxonomy":"category","embeddable":true,"href":"https:\/\/www.olymp-salondesign.com\/fr\/wp-json\/wp\/v2\/categories?post=36067"},{"taxonomy":"post_tag","embeddable":true,"href":"https:\/\/www.olymp-salondesign.com\/fr\/wp-json\/wp\/v2\/tags?post=36067"}],"curies":[{"name":"wp","href":"https:\/\/api.w.org\/{rel}","templated":true}]}}